{"id":474,"date":"2018-04-09T11:22:06","date_gmt":"2018-04-09T11:22:06","guid":{"rendered":"http:\/\/almazakademie.az\/?p=474"},"modified":"2018-04-09T11:22:06","modified_gmt":"2018-04-09T11:22:06","slug":"az%c9%99rbaycanli-professor-avropali-h%c9%99mkarlarina-c%c9%99rrahiyy%c9%99-uzr%c9%99-ustad-d%c9%99rsl%c9%99ri-verir","status":"publish","type":"post","link":"https:\/\/almazakademie.az\/?p=474","title":{"rendered":"AZ\u018fRBAYCANLI PROFESSOR AVROPALI H\u018fMKARLARINA C\u018fRRAHIYY\u018f \u00dcZR\u018f  USTAD D\u018fRSL\u018fRI VERIR"},"content":{"rendered":"<p><strong>7-12 aprel 2018-ci il tarixl\u0259rind\u0259 \u0130sve\u00e7r\u0259nin Davos \u015f\u0259h\u0259rind\u0259 ke\u00e7iril\u0259c\u0259k a\u00e7iq v\u0259 laparoskopik c\u0259rrahiyy\u0259d\u0259 m\u00fcasir c\u0259rrahi texnikalar\u0131n \u00f6yr\u0259dilm\u0259sin\u0259 h\u0259sr olunmu\u015f 35-ci&nbsp;QASTRO\u0130NTEST\u0130NAL C\u018fRRAH\u0130YY\u018f \u00dcZR\u018f DAVOS KURSLARI bu g\u00fcn \u00f6z i\u015fin\u0259 ba\u015flam\u0131\u015fd\u0131r. Avropan\u0131n c\u0259rrahiyy\u0259 \u00fczr\u0259 ixtisas t\u0259hsili ver\u0259n b\u00fctn klinikalar\u0131nda \u00e7al\u0131\u015fan c\u0259rrahlar \u00fc\u00e7\u00fcn \u0259sas v\u0259rdi\u015f kursu olan bu kurslarda h\u0259r il Avropan\u0131n universitet klinikalarindan g\u0259lmi\u015f y\u00fczl\u0259rl\u0259 g\u0259nc c\u0259rrah c\u0259rrahiyy\u0259d\u0259 \u0259n yeni texnikalara yiy\u0259l\u0259nir, m\u00fchazir\u0259 v\u0259 diskussiyalarda i\u015ftirak edirl\u0259r. &nbsp;El\u0259c\u0259 d\u0259 bu kurslarda t\u0259dris edil\u0259n c\u0259rrahiyy\u0259nin m\u00fcxt\u0259lif sah\u0259l\u0259rind\u0259ki Davos texnikalar\u0131 avropa klinikalar\u0131nda t\u0259tbiq edil\u0259n \u0259sas c\u0259rrahi texnikalar hesab edilir. F\u0259xr edil\u0259si hald\u0131r ki, art\u0131q 3 ildir az\u0259rbaycanl\u0131 c\u0259rrah, M.Top\u00e7uba\u015fov ad\u0131na Elmi C\u0259rrahiyy\u0259 M\u0259rk\u0259zinin professoru, Az\u0259rbaycan Almaniya Tibbi \u018fm\u0259kda\u015fl\u0131q C\u0259miyy\u0259tinin s\u0259dri, prof.Dr.med Qurbanxan M\u00fcsl\u00fcmov h\u0259min kurslar\u0131n yegan\u0259 qeyri avropal\u0131 treyneri kimi f\u0259aliyy\u0259t g\u00f6st\u0259rir. Bunun n\u0259tic\u0259si olaraq art\u0131q Az\u0259rbaycanda da Davos kurslar\u0131 t\u0259r\u0259find\u0259n akkreditasiya olunmu\u015f v\u0259 bu kurslar\u0131n proqrami \u0259sas\u0131nda treyninql\u0259r ke\u00e7irilir.<\/strong><\/p>\n<p><strong>Xat\u0131rladaq ki, Davos Kurslar\u0131 Avropada bu sah\u0259d\u0259 m\u00f6vcud olan \u0259n reytinqli treyninq kurslar\u0131d\u0131r (50 CME kredit) v\u0259 kurs i\u015ftirak\u00e7\u0131lar\u0131n \u0259ld\u0259 etdiyi sertifikatlar d\u00fcnyan\u0131n b\u00fct\u00fcn \u00f6lk\u0259l\u0259rind\u0259 c\u0259rrahiyy\u0259 \u00fczr\u0259 t\u0259hsil sertifikat\u0131 kimi q\u0259bul edilir.<\/strong><\/p>\n<p><strong>Professor Qurbaxan M\u00fcsl\u00fcmovun verdiyi m\u0259lumata g\u00f6r\u0259 bu il aprel ay\u0131n\u0131n sonunda Bak\u0131da ke\u00e7iril\u0259c\u0259k beyn\u0259lxalq konqresin qona\u011f\u0131 olacaq Davos kurslar\u0131n\u0131n Prezidenti prof Peter Vogelbachla g\u0259l\u0259c\u0259kd\u0259 bu kurslar\u0131n Az\u0259rbaycanda ke\u00e7irilm\u0259si m\u0259s\u0259l\u0259si d\u0259 m\u00fczakir\u0259 olunacaq<\/strong><\/p>\n<p><a href=\"https:\/\/almazakademie.az\/wp-content\/uploads\/2017\/12\/20170407_132155.jpg\"><img loading=\"lazy\" decoding=\"async\" class=\"size-medium wp-image-70 alignleft\" src=\"https:\/\/almazakademie.az\/wp-content\/uploads\/2017\/12\/20170407_132155-300x169.jpg\" alt=\"\" width=\"300\" height=\"169\" srcset=\"https:\/\/almazakademie.az\/wp-content\/uploads\/2017\/12\/20170407_132155-300x169.jpg 300w, https:\/\/almazakademie.az\/wp-content\/uploads\/2017\/12\/20170407_132155-768x432.jpg 768w, https:\/\/almazakademie.az\/wp-content\/uploads\/2017\/12\/20170407_132155-1024x576.jpg 1024w\" sizes=\"(max-width: 300px) 100vw, 300px\" \/><\/a><a href=\"https:\/\/almazakademie.az\/wp-content\/uploads\/2018\/04\/20170407_134048.jpg\"><img loading=\"lazy\" decoding=\"async\" class=\"size-medium wp-image-475 alignleft\" src=\"https:\/\/almazakademie.az\/wp-content\/uploads\/2018\/04\/20170407_134048-300x169.jpg\" alt=\"\" width=\"300\" height=\"169\" srcset=\"https:\/\/almazakademie.az\/wp-content\/uploads\/2018\/04\/20170407_134048-300x169.jpg 300w, https:\/\/almazakademie.az\/wp-content\/uploads\/2018\/04\/20170407_134048-768x432.jpg 768w, https:\/\/almazakademie.az\/wp-content\/uploads\/2018\/04\/20170407_134048-1024x576.jpg 1024w, https:\/\/almazakademie.az\/wp-content\/uploads\/2018\/04\/20170407_134048-1080x608.jpg 1080w\" sizes=\"(max-width: 300px) 100vw, 300px\" \/><\/a><\/p>\n","protected":false},"excerpt":{"rendered":"<p>7-12 aprel 2018-ci il tarixl\u0259rind\u0259 \u0130sve\u00e7r\u0259nin Davos \u015f\u0259h\u0259rind\u0259 ke\u00e7iril\u0259c\u0259k a\u00e7iq v\u0259 laparoskopik c\u0259rrahiyy\u0259d\u0259 m\u00fcasir c\u0259rrahi texnikalar\u0131n \u00f6yr\u0259dilm\u0259sin\u0259 h\u0259sr olunmu\u015f 35-ci&nbsp;QASTRO\u0130NTEST\u0130NAL C\u018fRRAH\u0130YY\u018f \u00dcZR\u018f DAVOS KURSLARI bu g\u00fcn \u00f6z i\u015fin\u0259 ba\u015flam\u0131\u015fd\u0131r. Avropan\u0131n c\u0259rrahiyy\u0259 \u00fczr\u0259 ixtisas t\u0259hsili ver\u0259n b\u00fctn klinikalar\u0131nda \u00e7al\u0131\u015fan c\u0259rrahlar \u00fc\u00e7\u00fcn \u0259sas v\u0259rdi\u015f kursu olan bu kurslarda h\u0259r il Avropan\u0131n universitet klinikalarindan g\u0259lmi\u015f y\u00fczl\u0259rl\u0259 g\u0259nc c\u0259rrah [&hellip;]<\/p>\n","protected":false},"author":1,"featured_media":128,"comment_status":"open","ping_status":"open","sticky":false,"template":"","format":"standard","meta":{"ngg_post_thumbnail":0,"footnotes":""},"categories":[1],"tags":[],"_links":{"self":[{"href":"https:\/\/almazakademie.az\/index.php?rest_route=\/wp\/v2\/posts\/474"}],"collection":[{"href":"https:\/\/almazakademie.az\/index.php?rest_route=\/wp\/v2\/posts"}],"about":[{"href":"https:\/\/almazakademie.az\/index.php?rest_route=\/wp\/v2\/types\/post"}],"author":[{"embeddable":true,"href":"https:\/\/almazakademie.az\/index.php?rest_route=\/wp\/v2\/users\/1"}],"replies":[{"embeddable":true,"href":"https:\/\/almazakademie.az\/index.php?rest_route=%2Fwp%2Fv2%2Fcomments&post=474"}],"version-history":[{"count":1,"href":"https:\/\/almazakademie.az\/index.php?rest_route=\/wp\/v2\/posts\/474\/revisions"}],"predecessor-version":[{"id":476,"href":"https:\/\/almazakademie.az\/index.php?rest_route=\/wp\/v2\/posts\/474\/revisions\/476"}],"wp:featuredmedia":[{"embeddable":true,"href":"https:\/\/almazakademie.az\/index.php?rest_route=\/wp\/v2\/media\/128"}],"wp:attachment":[{"href":"https:\/\/almazakademie.az\/index.php?rest_route=%2Fwp%2Fv2%2Fmedia&parent=474"}],"wp:term":[{"taxonomy":"category","embeddable":true,"href":"https:\/\/almazakademie.az\/index.php?rest_route=%2Fwp%2Fv2%2Fcategories&post=474"},{"taxonomy":"post_tag","embeddable":true,"href":"https:\/\/almazakademie.az\/index.php?rest_route=%2Fwp%2Fv2%2Ftags&post=474"}],"curies":[{"name":"wp","href":"https:\/\/api.w.org\/{rel}","templated":true}]}}