{"id":493,"date":"2018-05-04T11:15:17","date_gmt":"2018-05-04T11:15:17","guid":{"rendered":"http:\/\/almazakademie.az\/?p=493"},"modified":"2018-05-04T11:15:17","modified_gmt":"2018-05-04T11:15:17","slug":"4-az%c9%99rbaycan-alman-turk-tibb-konqresi-tezlikl%c9%99-oz-isin%c9%99-baslayir","status":"publish","type":"post","link":"https:\/\/almazakademie.az\/?p=493","title":{"rendered":"4.-Az\u0259rbaycan-Alman-T\u00fcrk Tibb Konqresi tezlikl\u0259 \u00f6z i\u015fin\u0259 ba\u015flay\u0131r."},"content":{"rendered":"<p><strong>Aprelin 26\u201329-da Bak\u0131da S\u0259hiyy\u0259 Nazirliyinin Milli Onkologiya M\u0259rk\u0259zi, M.Top\u00e7uba\u015fov ad\u0131na Elmi C\u0259rrahiyy\u0259 M\u0259rk\u0259zi v\u0259 Az\u0259rbaycan-Almaniya Tibbi \u018fm\u0259kda\u015fl\u0131q C\u0259miyy\u0259tinin t\u0259\u015fkilat\u00e7\u0131l\u0131\u011f\u0131 il\u0259 IV Az\u0259rbaycan-Alman-T\u00fcrk Tibb Konqresi ke\u00e7iril\u0259c\u0259k.<\/strong><\/p>\n<p><strong>Konqres v\u0259 t\u0259liml\u0259rin r\u0259smi a\u00e7\u0131l\u0131\u015f m\u0259rasimi aprelin 26-da saat 10:00-da \u201cMonolit Plaza\u201d otelind\u0259 (\u00dcnvan: M.M\u00fc\u015fviq k\u00fc\u00e7.2A) ke\u00e7iril\u0259c\u0259k. Konqresin a\u00e7\u0131l\u0131\u015f\u0131nda Milli M\u0259clisin \u00fczvl\u0259ri, S\u0259hiyy\u0259 v\u0259 T\u0259hsil Nazirliyinin r\u0259smil\u0259ri il\u0259 yana\u015f\u0131 Almaniyan\u0131n Az\u0259rbaycandak\u0131 S\u0259firi, c\u0259nab Michael Kindsgrab, T\u00fcrkiy\u0259nin Az\u0259rbaycandak\u0131 S\u0259firinin 1-ci m\u00fcavini Volkan \u00d6skiper, \u0130sve\u00e7r\u0259nin Az\u0259rbaycandak\u0131 S\u0259firinin m\u00fcavini Simone Haeberli v\u0259 dig\u0259r r\u0259smil\u0259r \u00e7\u0131x\u0131\u015f ed\u0259c\u0259kdir ki, bu da t\u0259dbirin \u0259h\u0259miyy\u0259tind\u0259n x\u0259b\u0259r verir.<\/strong><\/p>\n<p><strong>Konqresd\u0259 Almaniya, \u0130sve\u00e7r\u0259, Avstriya, T\u00fcrkiy\u0259, Rusiya, \u00d6zb\u0259kistan v\u0259 Ukraynan\u0131n m\u00fcxt\u0259lif universitet klinikalar\u0131nda \u00e7al\u0131\u015fan 30 n\u0259f\u0259r\u0259 yax\u0131n professor ekspert v\u0259 referent qismind\u0259 i\u015ftirak ed\u0259c\u0259kdir. Konqres zaman\u0131 d\u00fcnya s\u0259viyy\u0259li aliml\u0259r t\u0259r\u0259find\u0259n Az\u0259rbaycandan v\u0259 xarici \u00f6lk\u0259l\u0259rd\u0259n g\u0259lmi\u015f 800 n\u0259f\u0259r\u0259 yax\u0131n konqres i\u015ftirak\u00e7\u0131lar\u0131na tibbin \u0259n aktual probleml\u0259rin\u0259 h\u0259sr olunmu\u015f m\u0259ruz\u0259l\u0259r oxunacaq, a\u011f\u0131r kliniki hallar\u0131n m\u00fczakir\u0259si t\u0259\u015fkil edil\u0259c\u0259k, aktual probleml\u0259r \u0259traf\u0131nda diskussiyalar apar\u0131lacaq v\u0259 az\u0259rbaycanl\u0131 m\u00fct\u0259x\u0259ssisl\u0259rin Avropadan v\u0259 T\u00fcrkiy\u0259d\u0259n g\u0259lmi\u015f y\u00fcks\u0259k ixtisasl\u0131 m\u00fct\u0259x\u0259ssisl\u0259rl\u0259 canl\u0131 bilik v\u0259 t\u0259cr\u00fcb\u0259 m\u00fcbadil\u0259si ba\u015f tutacaqd\u0131r.<\/strong><\/p>\n<p><strong>&nbsp;Onu da qeyd ed\u0259k ki, konqresin ilk g\u00fcn\u00fc b\u00f6y\u00fck az\u0259rbaycanl\u0131 alim-c\u0259rrah, akademik B\u00f6y\u00fckki\u015fi A\u011fayevin \u0259ziz xatir\u0259sin\u0259 v\u0259 anadan olmas\u0131n\u0131n 90 illiyin\u0259 h\u0259sr edil\u0259c\u0259kdir.<\/strong><\/p>\n<p><strong>Art\u0131q d\u00f6rd\u00fcnc\u00fc d\u0259f\u0259dir ki, Bak\u0131da ke\u00e7iril\u0259n bu konqres \u00fcmumi v\u0259 laparoskopik c\u0259rrahiyy\u0259, qastroenterologiya, radiologiya, onkologiya, urologiya, reanimasiya, intensiv terapiya v\u0259 ginekologiyan\u0131n \u0259n aktual probleml\u0259rin\u0259 h\u0259sr olunmaqla Avropa m\u0259rk\u0259zl\u0259ri t\u0259r\u0259find\u0259n Davaml\u0131 Tibb T\u0259hsili ver\u0259n beyn\u0259lxalq t\u0259dbir kimi tan\u0131nm\u0131\u015f v\u0259 bu il region \u00f6lk\u0259l\u0259rind\u0259 ilk d\u0259f\u0259 30 CME kredit bal\u0131 il\u0259 qiym\u0259tl\u0259ndirilib. H\u0259m\u00e7inin bu il Konqres v\u0259 t\u0259liml\u0259r Az\u0259rbaycan Respublikas\u0131 S\u0259hiyy\u0259 Nazirliyi t\u0259r\u0259find\u0259n d\u0259 akkreditasiya olunaraq 34 Davaml\u0131 Tibb T\u0259hsili bal\u0131 il\u0259 qiym\u0259tl\u0259ndirilmi\u015fdir.<\/strong><\/p>\n<p><strong>Konqresl\u0259 eyni zamanda beyn\u0259lxalq statuslu III Bak\u0131 Beyn\u0259lxalq Tibbi T\u0259lim G\u00fcnl\u0259ri d\u0259 ke\u00e7iril\u0259c\u0259k. Bu t\u0259dbir \u00e7\u0259r\u00e7iv\u0259sind\u0259 t\u0259l\u0259b\u0259, rezident v\u0259 h\u0259kiml\u0259r \u00fc\u00e7\u00fcn 12 ixtisas \u00fczr\u0259 (laparoskopik v\u0259 \u00fcmumi c\u0259rrahiyy\u0259, endoskopiya, ultrasonoqrafiya, radiologiya, urologiya, ginekologiya, histeroskopiya, kardiopulmonar reanimasiya, EKQ kursu, tibb bac\u0131lar\u0131 \u00fc\u00e7\u00fcn tibbi v\u0259rdi\u015fl\u0259r kursu v\u0259 s.) Avropada tan\u0131nm\u0131\u015f Davos Tibb Kurslar\u0131 v\u0259 dig\u0259r proqramlar \u0259sas\u0131nda beyn\u0259lxalq s\u0259viyy\u0259li t\u0259liml\u0259r t\u0259\u015fkil edil\u0259c\u0259k. T\u0259liml\u0259r Avropada h\u0259kim v\u0259 t\u0259l\u0259b\u0259l\u0259r\u0259 x\u00fcsusi pe\u015f\u0259 v\u0259rdi\u015fl\u0259rinin \u00f6yr\u0259dilm\u0259si m\u0259qs\u0259dil\u0259 t\u0259dris edil\u0259n texnikalardan istifad\u0259 edilm\u0259kl\u0259 \u0259n m\u00fcasir tibbi modell\u0259r \u00fcz\u0259rind\u0259 apar\u0131lacaq.<\/strong><\/p>\n<p><strong>Konqres v\u0259 t\u0259liml\u0259rd\u0259 i\u015ftirak ed\u0259nl\u0259r\u0259 beyn\u0259lxalq s\u0259viyy\u0259li sertifikatlar veril\u0259c\u0259kdir<\/strong><\/p>\n<p>&nbsp;<\/p>\n","protected":false},"excerpt":{"rendered":"<p>Aprelin 26\u201329-da Bak\u0131da S\u0259hiyy\u0259 Nazirliyinin Milli Onkologiya M\u0259rk\u0259zi, M.Top\u00e7uba\u015fov ad\u0131na Elmi C\u0259rrahiyy\u0259 M\u0259rk\u0259zi v\u0259 Az\u0259rbaycan-Almaniya Tibbi \u018fm\u0259kda\u015fl\u0131q C\u0259miyy\u0259tinin t\u0259\u015fkilat\u00e7\u0131l\u0131\u011f\u0131 il\u0259 IV Az\u0259rbaycan-Alman-T\u00fcrk Tibb Konqresi ke\u00e7iril\u0259c\u0259k. Konqres v\u0259 t\u0259liml\u0259rin r\u0259smi a\u00e7\u0131l\u0131\u015f m\u0259rasimi aprelin 26-da saat 10:00-da \u201cMonolit Plaza\u201d otelind\u0259 (\u00dcnvan: M.M\u00fc\u015fviq k\u00fc\u00e7.2A) ke\u00e7iril\u0259c\u0259k. Konqresin a\u00e7\u0131l\u0131\u015f\u0131nda Milli M\u0259clisin \u00fczvl\u0259ri, S\u0259hiyy\u0259 v\u0259 T\u0259hsil Nazirliyinin r\u0259smil\u0259ri il\u0259 yana\u015f\u0131 Almaniyan\u0131n [&hellip;]<\/p>\n","protected":false},"author":1,"featured_media":495,"comment_status":"open","ping_status":"open","sticky":false,"template":"","format":"standard","meta":{"ngg_post_thumbnail":0,"footnotes":""},"categories":[1],"tags":[],"_links":{"self":[{"href":"https:\/\/almazakademie.az\/index.php?rest_route=\/wp\/v2\/posts\/493"}],"collection":[{"href":"https:\/\/almazakademie.az\/index.php?rest_route=\/wp\/v2\/posts"}],"about":[{"href":"https:\/\/almazakademie.az\/index.php?rest_route=\/wp\/v2\/types\/post"}],"author":[{"embeddable":true,"href":"https:\/\/almazakademie.az\/index.php?rest_route=\/wp\/v2\/users\/1"}],"replies":[{"embeddable":true,"href":"https:\/\/almazakademie.az\/index.php?rest_route=%2Fwp%2Fv2%2Fcomments&post=493"}],"version-history":[{"count":1,"href":"https:\/\/almazakademie.az\/index.php?rest_route=\/wp\/v2\/posts\/493\/revisions"}],"predecessor-version":[{"id":496,"href":"https:\/\/almazakademie.az\/index.php?rest_route=\/wp\/v2\/posts\/493\/revisions\/496"}],"wp:featuredmedia":[{"embeddable":true,"href":"https:\/\/almazakademie.az\/index.php?rest_route=\/wp\/v2\/media\/495"}],"wp:attachment":[{"href":"https:\/\/almazakademie.az\/index.php?rest_route=%2Fwp%2Fv2%2Fmedia&parent=493"}],"wp:term":[{"taxonomy":"category","embeddable":true,"href":"https:\/\/almazakademie.az\/index.php?rest_route=%2Fwp%2Fv2%2Fcategories&post=493"},{"taxonomy":"post_tag","embeddable":true,"href":"https:\/\/almazakademie.az\/index.php?rest_route=%2Fwp%2Fv2%2Ftags&post=493"}],"curies":[{"name":"wp","href":"https:\/\/api.w.org\/{rel}","templated":true}]}}